{"id":206,"date":"2019-01-01T19:19:00","date_gmt":"2019-01-01T19:19:00","guid":{"rendered":"http:\/\/www.salicetum.ch\/?p=206"},"modified":"2020-01-14T12:37:48","modified_gmt":"2020-01-14T12:37:48","slug":"daphnoides-aglaia","status":"publish","type":"post","link":"https:\/\/www.salicetum.ch\/?p=206","title":{"rendered":"Daphnoides &#8218;Aglaia&#8216;"},"content":{"rendered":"\n<p>Eine sensationell sch\u00f6ne Reifweide, die im Mindesten seit der ersten H\u00e4lfte des 19. Jahrhunderts auf dem europ\u00e4ischen Kontinent kultiviert wird. Die beizeiten erscheinenden, pr\u00e4chtigen K\u00e4tzchen sind wie geschaffen f\u00fcr die imkerische Fr\u00fchtracht. <\/p>\n\n\n\n<h4 class=\"wp-block-heading\">Aglaia &#8211; griechisch f\u00fcr Glanz und Pracht<\/h4>\n\n\n\n<div class=\"wp-block-image\"><figure class=\"aligncenter\"><img loading=\"lazy\" decoding=\"async\" width=\"650\" height=\"435\" src=\"http:\/\/www.salicetum.ch\/wp-content\/uploads\/2019\/01\/Salix-daphnoides-AGLIA_habitus.jpg\" alt=\"\" class=\"wp-image-48\" srcset=\"https:\/\/www.salicetum.ch\/wp-content\/uploads\/2019\/01\/Salix-daphnoides-AGLIA_habitus.jpg 650w, https:\/\/www.salicetum.ch\/wp-content\/uploads\/2019\/01\/Salix-daphnoides-AGLIA_habitus-300x201.jpg 300w\" sizes=\"auto, (max-width: 650px) 100vw, 650px\" \/><figcaption>  Gl\u00e4nzend rot-violette Triebe im Sp\u00e4tsommer  <\/figcaption><\/figure><\/div>\n\n\n\n<p>&#8218;Aglaia&#8216; ist sehr w\u00fcchsig, hat sehr breite, gr\u00fcn gl\u00e4nzende Bl\u00e4tter und  ist an den Trieben nur sp\u00e4rlich bereift. Dank letzterer Eigenschaft kommt die leuchtend rot-violette Rutenf\u00e4rbung besonders intensiv zur Geltung (Newsholme 1992). Gebl\u00fcht wird M\u00e4rz \/ April, manchmal schon ab Ende Februar. Die sehr grossen, zuerst silbrig pelzigen K\u00e4tzchen, leuchten bei Vollbl\u00fcte mit dottergelben Staubgef\u00e4ssen .<\/p>\n\n\n\n<table width=\"100%\" cellspacing=\"2\" cellpadding=\"0\" bgcolor=\"#e7e7e7\">\n<tbody>\n<tr>\n<td colspan=\"2\">\n<span style=\"padding-left: 10px;\"><b><i>Salix daphnoides<\/i> &#8218;Aglaia&#8216; &#8212; Reifweide &#8218;Aglaia&#8216;<\/b><\/span>\n<\/td>\n<\/tr>\n<tr>\n<td colspan=\"2\">\n<span style=\"padding-left: 10px;\">Kultursorte EU ca. 1830<\/span>\n<\/td>\n<\/tr>\n<tr>\n<td><span style=\"padding-left: 50px;\">Geschlecht:<\/span><\/td>\n<td>m\u00e4nnlich<\/td>\n<\/tr>\n<tr>\n<td><span style=\"padding-left: 50px;\">Verwendung:<\/span><\/td>\n<td>Imkerweide, Futterweide f\u00fcr Wiederk\u00e4uer<\/td>\n<\/tr>\n<tr>\n<td><span style=\"padding-left: 50px;\">Kulturform:<\/span><\/td>\n<td>Strauch- oder Baumkultur, Kopfkultur<\/td>\n<\/tr>\n<tr>\n<td><span style=\"padding-left: 50px;\"><img loading=\"lazy\" decoding=\"async\" src=\"http:\/\/www.salicetum.ch\/wp-content\/uploads\/2019\/01\/PSR_D_farbig_farbig_1_2.png\" alt=\"\" width=\"40\" height=\"32\"><\/span><\/td>\n<td>ProSpecieRara Erhaltungsprogramm<\/td>\n<\/tr>\n<tr>\n<td><span style=\"padding-left: 50px;\">Sortenbeschrieb:<\/span><\/td>\n<td><a href=\"http:\/\/www.salicetum.ch\/wp-content\/uploads\/2019\/01\/Daphnoides_AGLIA_Sortenbeschrieb_090119.pdf\">&#8211;&gt; herunterladen<\/a><\/td>\n<\/tr>\n<\/tbody>\n<\/table>\n\n\n<p><!--EndFragment--><\/p>\n<p><\/p>","protected":false},"excerpt":{"rendered":"<p>Eine sensationell sch\u00f6ne Reifweide, die im Mindesten seit der ersten H\u00e4lfte des 19. Jahrhunderts auf dem europ\u00e4ischen Kontinent kultiviert wird. Die beizeiten erscheinenden, pr\u00e4chtigen K\u00e4tzchen [&hellip;] <span class=\"read-more-link\"><a class=\"read-more\" href=\"https:\/\/www.salicetum.ch\/?p=206\">Read More<\/a><\/span><\/p>\n","protected":false},"author":1,"featured_media":47,"comment_status":"closed","ping_status":"closed","sticky":false,"template":"","format":"standard","meta":{"footnotes":""},"categories":[7,26,27,3,20],"tags":[],"class_list":["post-206","post","type-post","status-publish","format-standard","has-post-thumbnail","hentry","category-daphnoides_cv","category-futterweide","category-imkerweide","category-kultursorten","category-psr"],"_links":{"self":[{"href":"https:\/\/www.salicetum.ch\/index.php?rest_route=\/wp\/v2\/posts\/206","targetHints":{"allow":["GET"]}}],"collection":[{"href":"https:\/\/www.salicetum.ch\/index.php?rest_route=\/wp\/v2\/posts"}],"about":[{"href":"https:\/\/www.salicetum.ch\/index.php?rest_route=\/wp\/v2\/types\/post"}],"author":[{"embeddable":true,"href":"https:\/\/www.salicetum.ch\/index.php?rest_route=\/wp\/v2\/users\/1"}],"replies":[{"embeddable":true,"href":"https:\/\/www.salicetum.ch\/index.php?rest_route=%2Fwp%2Fv2%2Fcomments&post=206"}],"version-history":[{"count":4,"href":"https:\/\/www.salicetum.ch\/index.php?rest_route=\/wp\/v2\/posts\/206\/revisions"}],"predecessor-version":[{"id":668,"href":"https:\/\/www.salicetum.ch\/index.php?rest_route=\/wp\/v2\/posts\/206\/revisions\/668"}],"wp:featuredmedia":[{"embeddable":true,"href":"https:\/\/www.salicetum.ch\/index.php?rest_route=\/wp\/v2\/media\/47"}],"wp:attachment":[{"href":"https:\/\/www.salicetum.ch\/index.php?rest_route=%2Fwp%2Fv2%2Fmedia&parent=206"}],"wp:term":[{"taxonomy":"category","embeddable":true,"href":"https:\/\/www.salicetum.ch\/index.php?rest_route=%2Fwp%2Fv2%2Fcategories&post=206"},{"taxonomy":"post_tag","embeddable":true,"href":"https:\/\/www.salicetum.ch\/index.php?rest_route=%2Fwp%2Fv2%2Ftags&post=206"}],"curies":[{"name":"wp","href":"https:\/\/api.w.org\/{rel}","templated":true}]}}