{"id":236,"date":"2019-01-01T19:57:29","date_gmt":"2019-01-01T19:57:29","guid":{"rendered":"http:\/\/www.salicetum.ch\/?p=236"},"modified":"2019-01-09T19:04:19","modified_gmt":"2019-01-09T19:04:19","slug":"x-americana","status":"publish","type":"post","link":"https:\/\/www.salicetum.ch\/?p=236","title":{"rendered":"x Americana"},"content":{"rendered":"\n<p>Amerikanerweide, Universalweide; die deutschen Namen klingen einfach und lassen mitnichten den anf\u00e4nglichen Wirrwarr um die korrekte botanische Zuordnung vermuten. Heute ist mehrheitlich best\u00e4tigt, dass es sich bei dieser Kultursorte um eine Kreuzung aus <em>Salix eriocephal<\/em>a Michx. und <em>Salix petiolaris<\/em> Sm. handelt. Was jedoch bei deren Einf\u00fchrung in Europa Ende des 19. Jhdt. viel mehr interessierte war die Verwendbarkeit f\u00fcr die Korbflechterei. Und hierzu bleiben wahrlich keine W\u00fcnsche offen!<\/p>\n\n\n\n<h4 class=\"wp-block-heading\"><strong>Astreine Ruten von hervorragender Flexibilit\u00e4t<\/strong><\/h4>\n\n\n\n<p>Die Bezeichnung &#8218;Universalweide&#8216; bringt&#8217;s auf den Punkt: eine  vorz\u00fcgliche Flechtweide f\u00fcr alle Flechtarbeiten. Hilf (1949) beschreibt  die Qualit\u00e4ten folgendermassen: &#8222;Ruten astrein, hart, gut aufzubewahren,  Holz nach dem Sch\u00e4len schneeweiss; gekocht rot.&#8220; &#8211; schlicht ein Traum  zum Flechten!<br>Anpflanzungen von Amerikanerweide bringen hohe Ertr\u00e4ge;  eine gute Pflege des Weidenhegers vorausgesetzt. Auch sollten zu  n\u00e4hrstoffreiche Standorte gemieden werden. Ansonsten wird die Ernte  stark abholzig, \u00e4stig und br\u00fcchig (Wagner\/Ortmann 1959). Nach Kaiser et  al. (1952) ist sie gegen Sp\u00e4tfr\u00f6ste empfindlich und taugt daher f\u00fcr  H\u00f6henlagen wenig. Aus eigener Anbau-Erfahrung ist zudem Wildverbiss ein  Thema bei dieser Weide; hingegen M\u00e4usefrass von Wurzeln kaum.<br>Die am meisten kultivierte Flechtweide im Europa des 20. Jahrhunderts ist eine hochwertige, anbausichere Flechtweidensorte, die sich durchaus auch zur Selbstversorgung im Hausgarten eignet.<\/p>\n\n\n\n<div class=\"wp-block-image\"><figure class=\"aligncenter\"><img loading=\"lazy\" decoding=\"async\" width=\"650\" height=\"435\" src=\"http:\/\/www.salicetum.ch\/wp-content\/uploads\/2019\/01\/Salix-x-americana_hege3.jpg\" alt=\"\" class=\"wp-image-68\" srcset=\"https:\/\/www.salicetum.ch\/wp-content\/uploads\/2019\/01\/Salix-x-americana_hege3.jpg 650w, https:\/\/www.salicetum.ch\/wp-content\/uploads\/2019\/01\/Salix-x-americana_hege3-300x201.jpg 300w\" sizes=\"auto, (max-width: 650px) 100vw, 650px\" \/><figcaption> Amerikanerweide in der Feldkultur <\/figcaption><\/figure><\/div>\n\n\n\n<table width=\"100%\" cellspacing=\"2\" cellpadding=\"0\" bgcolor=\"#e7e7e7\">\n<tbody>\n<tr>\n<td colspan=\"2\">\n<span style=\"padding-left: 10px;\"><b><i>Salix x americana<\/i> &#8212; <i>eriocephala x petiolaris<\/i> &#8218;Americana&#8216; &#8212; Amerikanerweide<\/b><\/span>\n<\/td>\n<\/tr>\n<tr>\n<td colspan=\"2\">\n<span style=\"padding-left: 10px;\">Kultursorte USA\/D (PL) ca. 1885 \u2013 Ernst Hoedt, D-Tierschtiegel (PL-Trzciel)<\/span>\n<\/td>\n<\/tr>\n<tr>\n<td><span style=\"padding-left: 50px;\">Geschlecht:<\/span><\/td>\n<td>m\u00e4nnlich<\/td>\n<\/tr>\n<tr>\n<td><span style=\"padding-left: 50px;\">Verwendung:<\/span><\/td>\n<td>Flechtweide<\/td>\n<\/tr>\n<tr>\n<td><span style=\"padding-left: 50px;\">Kulturform:<\/span><\/td>\n<td>Bodenkultur, Strauchkultur<\/td>\n<\/tr>\n<tr>\n<td><span style=\"padding-left: 50px;\"><img loading=\"lazy\" decoding=\"async\" src=\"http:\/\/www.salicetum.ch\/wp-content\/uploads\/2019\/01\/PSR_D_farbig_farbig_1_2.png\" alt=\"\" width=\"40\" height=\"32\"><\/span><\/td>\n<td>ProSpecieRara Erhaltungsprogramm<\/td>\n<\/tr>\n<tr>\n<td><span style=\"padding-left: 50px;\">Sortenbeschrieb:<\/span><\/td>\n<td><a href=\"http:\/\/www.salicetum.ch\/wp-content\/uploads\/2019\/01\/x_Americana_Sortenbeschrieb_090119.pdf\">&#8211;&gt; herunterladen<\/a><\/td>\n<\/tr>\n<\/tbody>\n<\/table>\n","protected":false},"excerpt":{"rendered":"<p>Amerikanerweide, Universalweide; die deutschen Namen klingen einfach und lassen mitnichten den anf\u00e4nglichen Wirrwarr um die korrekte botanische Zuordnung vermuten. Heute ist mehrheitlich best\u00e4tigt, dass es [&hellip;] <span class=\"read-more-link\"><a class=\"read-more\" href=\"https:\/\/www.salicetum.ch\/?p=236\">Read More<\/a><\/span><\/p>\n","protected":false},"author":1,"featured_media":69,"comment_status":"closed","ping_status":"closed","sticky":false,"template":"","format":"standard","meta":{"footnotes":""},"categories":[3,14],"tags":[],"class_list":["post-236","post","type-post","status-publish","format-standard","has-post-thumbnail","hentry","category-kultursorten","category-x-americana_cv"],"_links":{"self":[{"href":"https:\/\/www.salicetum.ch\/index.php?rest_route=\/wp\/v2\/posts\/236","targetHints":{"allow":["GET"]}}],"collection":[{"href":"https:\/\/www.salicetum.ch\/index.php?rest_route=\/wp\/v2\/posts"}],"about":[{"href":"https:\/\/www.salicetum.ch\/index.php?rest_route=\/wp\/v2\/types\/post"}],"author":[{"embeddable":true,"href":"https:\/\/www.salicetum.ch\/index.php?rest_route=\/wp\/v2\/users\/1"}],"replies":[{"embeddable":true,"href":"https:\/\/www.salicetum.ch\/index.php?rest_route=%2Fwp%2Fv2%2Fcomments&post=236"}],"version-history":[{"count":2,"href":"https:\/\/www.salicetum.ch\/index.php?rest_route=\/wp\/v2\/posts\/236\/revisions"}],"predecessor-version":[{"id":352,"href":"https:\/\/www.salicetum.ch\/index.php?rest_route=\/wp\/v2\/posts\/236\/revisions\/352"}],"wp:featuredmedia":[{"embeddable":true,"href":"https:\/\/www.salicetum.ch\/index.php?rest_route=\/wp\/v2\/media\/69"}],"wp:attachment":[{"href":"https:\/\/www.salicetum.ch\/index.php?rest_route=%2Fwp%2Fv2%2Fmedia&parent=236"}],"wp:term":[{"taxonomy":"category","embeddable":true,"href":"https:\/\/www.salicetum.ch\/index.php?rest_route=%2Fwp%2Fv2%2Fcategories&post=236"},{"taxonomy":"post_tag","embeddable":true,"href":"https:\/\/www.salicetum.ch\/index.php?rest_route=%2Fwp%2Fv2%2Ftags&post=236"}],"curies":[{"name":"wp","href":"https:\/\/api.w.org\/{rel}","templated":true}]}}