{"id":266,"date":"2019-01-02T09:29:53","date_gmt":"2019-01-02T09:29:53","guid":{"rendered":"http:\/\/www.salicetum.ch\/?p=266"},"modified":"2019-01-16T15:56:55","modified_gmt":"2019-01-16T15:56:55","slug":"nigricans-nebularis","status":"publish","type":"post","link":"https:\/\/www.salicetum.ch\/?p=266","title":{"rendered":"Nigricans &#8218;Nebularis&#8216;"},"content":{"rendered":"\n<p>Eine frohw\u00fcchsige und produktive Auslese von salicetum.ch. Geeignet ist &#8218;Nebularis&#8216; als Binde- oder Flechtweide, ebenso als etwas sp\u00e4ter bl\u00fchende Imkerweide.<\/p>\n\n\n\n<h4 class=\"wp-block-heading\">Nebelgraue, dicht behaarte Jungtriebe<\/h4>\n\n\n\n<div class=\"wp-block-image\"><figure class=\"aligncenter\"><img loading=\"lazy\" decoding=\"async\" width=\"650\" height=\"435\" src=\"http:\/\/www.salicetum.ch\/wp-content\/uploads\/2019\/01\/Salix-nigricans-NEBULARIS_rec.jpg\" alt=\"\" class=\"wp-image-269\" srcset=\"https:\/\/www.salicetum.ch\/wp-content\/uploads\/2019\/01\/Salix-nigricans-NEBULARIS_rec.jpg 650w, https:\/\/www.salicetum.ch\/wp-content\/uploads\/2019\/01\/Salix-nigricans-NEBULARIS_rec-300x201.jpg 300w\" sizes=\"auto, (max-width: 650px) 100vw, 650px\" \/><figcaption>&#8218;Nebularis&#8216; frisch geschnitten<\/figcaption><\/figure><\/div>\n\n\n\n<p>Die grauen und behaarten Ruten machen diese Sorte zu etwas Besonderem. Die aparte Optik bleibt auch im getrockneten Zustand erhalten und kommt in Flechtwerken sehr gut zur Geltung.<br>&#8218;Nebularis&#8216; bildet mitunter etwas verzweigte Ruten, bringt daf\u00fcr aber  auch an halbschattigen Standorten gute Ertr\u00e4ge. Sofern nicht vorg\u00e4ngig  geschnitten, erscheinen im April ausgesprochen dekorative, m\u00e4nnliche  K\u00e4tzchen in grosser Zahl. <\/p>\n\n\n\n<div class=\"wp-block-image\"><figure class=\"aligncenter\"><img loading=\"lazy\" decoding=\"async\" width=\"650\" height=\"435\" src=\"http:\/\/www.salicetum.ch\/wp-content\/uploads\/2019\/01\/Salix-nigricans-NEBULARIS_flos.jpg\" alt=\"\" class=\"wp-image-268\" srcset=\"https:\/\/www.salicetum.ch\/wp-content\/uploads\/2019\/01\/Salix-nigricans-NEBULARIS_flos.jpg 650w, https:\/\/www.salicetum.ch\/wp-content\/uploads\/2019\/01\/Salix-nigricans-NEBULARIS_flos-300x201.jpg 300w\" sizes=\"auto, (max-width: 650px) 100vw, 650px\" \/><figcaption>Dekorative m\u00e4nnliche K\u00e4tzchen im April<\/figcaption><\/figure><\/div>\n\n\n\n<table width=\"100%\" cellspacing=\"2\" cellpadding=\"0\" bgcolor=\"#e7e7e7\">\n<tbody>\n<tr>\n<td colspan=\"2\">\n<span style=\"padding-left: 10px;\"><b><i>Salix nigricans<\/i> &#8218;Nebularis&#8216; &#8212; Schwarzweide &#8218;Nebularis&#8216;<\/b><\/span>\n<\/td>\n<\/tr>\n<tr>\n<td colspan=\"2\">\n<span style=\"padding-left: 10px;\">Landsorte CH 2008 &#8212; salicetum.ch<\/span>\n<\/td>\n<\/tr>\n<tr>\n<td><span style=\"padding-left: 50px;\">Geschlecht:<\/span><\/td>\n<td>m\u00e4nnlich<\/td>\n<\/tr>\n<tr>\n<td><span style=\"padding-left: 50px;\">Verwendung:<\/span><\/td>\n<td>Flechtweide, (Gr\u00fcnholz-)Bindeweide, Imkerweide, Lebendverbau<\/td>\n<\/tr>\n<tr>\n<td><span style=\"padding-left: 50px;\">Kulturform:<\/span><\/td>\n<td>Bodenkultur, Strauchkultur<\/td>\n<\/tr>\n<tr>\n<td><span style=\"padding-left: 50px;\"><img loading=\"lazy\" decoding=\"async\" src=\"http:\/\/www.salicetum.ch\/wp-content\/uploads\/2019\/01\/Logo_2.png\" alt=\"\" width=\"40\" height=\"32\"><\/span><\/td>\n<td>salicetum.ch Sammlung<\/td>\n<\/tr>\n<tr>\n<td><span style=\"padding-left: 50px;\">Sortenbeschrieb:<\/span><!--<\/td>\n<td><a href=\"http:\/\/www.salicetum.ch\/wp-content\/uploads\/2019\/01\/Purpurea_URALENSIS_Sortenbeschrieb_300517.pdf\">--&gt; herunterladen<\/a>--><\/td>\n<\/tr>\n<\/tbody>\n<\/table>\n","protected":false},"excerpt":{"rendered":"<p>Eine frohw\u00fcchsige und produktive Auslese von salicetum.ch. Geeignet ist &#8218;Nebularis&#8216; als Binde- oder Flechtweide, ebenso als etwas sp\u00e4ter bl\u00fchende Imkerweide. Nebelgraue, dicht behaarte Jungtriebe Die [&hellip;] <span class=\"read-more-link\"><a class=\"read-more\" href=\"https:\/\/www.salicetum.ch\/?p=266\">Read More<\/a><\/span><\/p>\n","protected":false},"author":1,"featured_media":267,"comment_status":"closed","ping_status":"closed","sticky":false,"template":"","format":"standard","meta":{"footnotes":""},"categories":[23,25,27,3,8,28],"tags":[],"class_list":["post-266","post","type-post","status-publish","format-standard","has-post-thumbnail","hentry","category-bindeweide","category-flechtweide","category-imkerweide","category-kultursorten","category-nigricans_cv","category-weiden_lebendverbau"],"_links":{"self":[{"href":"https:\/\/www.salicetum.ch\/index.php?rest_route=\/wp\/v2\/posts\/266","targetHints":{"allow":["GET"]}}],"collection":[{"href":"https:\/\/www.salicetum.ch\/index.php?rest_route=\/wp\/v2\/posts"}],"about":[{"href":"https:\/\/www.salicetum.ch\/index.php?rest_route=\/wp\/v2\/types\/post"}],"author":[{"embeddable":true,"href":"https:\/\/www.salicetum.ch\/index.php?rest_route=\/wp\/v2\/users\/1"}],"replies":[{"embeddable":true,"href":"https:\/\/www.salicetum.ch\/index.php?rest_route=%2Fwp%2Fv2%2Fcomments&post=266"}],"version-history":[{"count":3,"href":"https:\/\/www.salicetum.ch\/index.php?rest_route=\/wp\/v2\/posts\/266\/revisions"}],"predecessor-version":[{"id":524,"href":"https:\/\/www.salicetum.ch\/index.php?rest_route=\/wp\/v2\/posts\/266\/revisions\/524"}],"wp:featuredmedia":[{"embeddable":true,"href":"https:\/\/www.salicetum.ch\/index.php?rest_route=\/wp\/v2\/media\/267"}],"wp:attachment":[{"href":"https:\/\/www.salicetum.ch\/index.php?rest_route=%2Fwp%2Fv2%2Fmedia&parent=266"}],"wp:term":[{"taxonomy":"category","embeddable":true,"href":"https:\/\/www.salicetum.ch\/index.php?rest_route=%2Fwp%2Fv2%2Fcategories&post=266"},{"taxonomy":"post_tag","embeddable":true,"href":"https:\/\/www.salicetum.ch\/index.php?rest_route=%2Fwp%2Fv2%2Ftags&post=266"}],"curies":[{"name":"wp","href":"https:\/\/api.w.org\/{rel}","templated":true}]}}